{"id":9,"date":"2015-11-30T20:36:26","date_gmt":"2015-11-30T18:36:26","guid":{"rendered":"http:\/\/u38803.shellit.info\/wordpress\/?p=9"},"modified":"2015-11-30T20:57:23","modified_gmt":"2015-11-30T18:57:23","slug":"savotoita-riittaa","status":"publish","type":"post","link":"https:\/\/ilkkaroininen.fi\/wordpress\/2015\/11\/30\/savotoita-riittaa\/","title":{"rendered":"Savotoita riitt\u00e4\u00e4"},"content":{"rendered":"<p>Tukin vetoja on Rautavaaralla ollut kovasti. Ostomiehet kuuluvat t\u00e4n\u00e4 talvena saavan tukkia yli tarpeesta, ja vetopalkat niin kuin puidekin hinnat lienee yleens\u00e4 tyydytt\u00e4vi\u00e4, koskapa on tukin vet\u00e4ji\u00e4 paljo kulkenut ulkopit\u00e4jist\u00e4kin. Onhan t\u00e4m\u00e4 talvi eritt\u00e4in hyv\u00e4 viimeistenkin tukkipuiden kitkemiselle, kun on lauha ja v\u00e4h\u00e4luminen talvi, joten harvemmistakin metsist\u00e4 saanee puut tarkoin ker\u00e4tyksi. Kuntamme metsist\u00e4 on t\u00e4n\u00e4kin talvena my\u00f6ty ehk\u00e4 joku puolissataa tuhatta tukkipuuta, joka on n\u00e4tti summa n\u00e4in pienelle seurakunnalle, vaikkapa vaan saisi 1 mk puulla toinen toistaan my\u00f6ten. Waan mink\u00e4 verran lienee s\u00e4\u00e4st\u00f6\u00e4 kukkarosssa, kun tukin kauppa loppuu, sen tiet\u00e4nee paraiten se, joka on rahat saanut, kirj. meille<\/p>\n<p><em>Savo tiistaina 8. huhtikuuta 1890<\/em><\/p>\n","protected":false},"excerpt":{"rendered":"<p>Tukin vetoja on Rautavaaralla ollut kovasti. Ostomiehet kuuluvat t\u00e4n\u00e4 talvena saavan tukkia yli tarpeesta, ja vetopalkat niin kuin puidekin hinnat lienee yleens\u00e4 tyydytt\u00e4vi\u00e4, koskapa on tukin vet\u00e4ji\u00e4 paljo kulkenut ulkopit\u00e4jist\u00e4kin. Onhan t\u00e4m\u00e4 talvi eritt\u00e4in hyv\u00e4 viimeistenkin tukkipuiden kitkemiselle, kun on&#8230;<br \/><a class=\"read-more-button\" href=\"https:\/\/ilkkaroininen.fi\/wordpress\/2015\/11\/30\/savotoita-riittaa\/\">Luve lissee<\/a><\/p>\n","protected":false},"author":1,"featured_media":0,"comment_status":"open","ping_status":"open","sticky":false,"template":"","format":"standard","meta":{"footnotes":""},"categories":[2],"tags":[],"class_list":["post-9","post","type-post","status-publish","format-standard","hentry","category-uutisia-menneilta-ajoilta"],"_links":{"self":[{"href":"https:\/\/ilkkaroininen.fi\/wordpress\/wp-json\/wp\/v2\/posts\/9","targetHints":{"allow":["GET"]}}],"collection":[{"href":"https:\/\/ilkkaroininen.fi\/wordpress\/wp-json\/wp\/v2\/posts"}],"about":[{"href":"https:\/\/ilkkaroininen.fi\/wordpress\/wp-json\/wp\/v2\/types\/post"}],"author":[{"embeddable":true,"href":"https:\/\/ilkkaroininen.fi\/wordpress\/wp-json\/wp\/v2\/users\/1"}],"replies":[{"embeddable":true,"href":"https:\/\/ilkkaroininen.fi\/wordpress\/wp-json\/wp\/v2\/comments?post=9"}],"version-history":[{"count":1,"href":"https:\/\/ilkkaroininen.fi\/wordpress\/wp-json\/wp\/v2\/posts\/9\/revisions"}],"predecessor-version":[{"id":10,"href":"https:\/\/ilkkaroininen.fi\/wordpress\/wp-json\/wp\/v2\/posts\/9\/revisions\/10"}],"wp:attachment":[{"href":"https:\/\/ilkkaroininen.fi\/wordpress\/wp-json\/wp\/v2\/media?parent=9"}],"wp:term":[{"taxonomy":"category","embeddable":true,"href":"https:\/\/ilkkaroininen.fi\/wordpress\/wp-json\/wp\/v2\/categories?post=9"},{"taxonomy":"post_tag","embeddable":true,"href":"https:\/\/ilkkaroininen.fi\/wordpress\/wp-json\/wp\/v2\/tags?post=9"}],"curies":[{"name":"wp","href":"https:\/\/api.w.org\/{rel}","templated":true}]}}